{"id":511,"date":"2013-10-25T15:23:31","date_gmt":"2013-10-25T15:23:31","guid":{"rendered":"http:\/\/rempart.ca\/?p=511"},"modified":"2013-10-25T15:23:31","modified_gmt":"2013-10-25T15:23:31","slug":"troisieme-trimestre-2013","status":"publish","type":"post","link":"https:\/\/rempart.ca\/fr\/2013\/10\/troisieme-trimestre-2013\/","title":{"rendered":"Troisi\u00e8me trimestre 2013"},"content":{"rendered":"<p>Cinq ann\u00e9es se sont \u00e9coul\u00e9es depuis le d\u00e9but du gel du march\u00e9 du cr\u00e9dit provoquant \u00abl\u2019effondrement\u00bb des march\u00e9s financiers \u00e0 l\u2019\u00e9chelle mondiale suivi du d\u00e9clenchement de la \u00abGrande r\u00e9cession\u00bb. Depuis lors, les \u00e9conomies et les march\u00e9s boursiers \u00e0 l\u2019\u00e9chelle mondiale ont connu une reprise soutenue au soulagement des investisseurs de partout dans le monde.<\/p>\n<p>&nbsp;<\/p>\n<p>Au cours des cinq derni\u00e8res ann\u00e9es, l\u2019environnement macro\u00e9conomique et politique instable a d\u00e9fray\u00e9 les manchettes, mettant constamment l\u2019accent sur le court terme. En tant qu\u2019investisseurs professionnels, notre travail consiste \u00e0 voir au-del\u00e0 des \u00ab\u00a0gros titres\u00a0\u00bb et \u00e0 nous concentrer sur les occasions de placement \u00e0 long terme, ce qui n\u2019est pas toujours une t\u00e2che facile.<\/p>\n<p>&nbsp;<\/p>\n<p>Ces jours-ci, les m\u00e9dias mettent pr\u00e9sentement l\u2019accent sur la fermeture partielle des services de l\u2019administration am\u00e9ricaine pendant que le gouvernement continue de d\u00e9montrer son dysfonctionnement remarquable \u00e0 g\u00e9rer ses propres finances. Est-ce que ceci veut dire que nous devrions vendre toutes nos actions am\u00e9ricaines? Non. Est-ce que ceci veut dire que l\u2019\u00e9conomie am\u00e9ricaine, qui est la plus grande et la plus importante \u00e9conomie, est sur le point de retourner en r\u00e9cession? Nous ne le croyons pas. Ce que nous constatons est que l\u2019\u00e9conomie continue \u00e0 s\u2019am\u00e9liorer et que les soci\u00e9t\u00e9s multinationales am\u00e9ricaines prosp\u00e8res continuent \u00e0 faire cro\u00eetre leur chiffre d\u2019affaires et leur b\u00e9n\u00e9fice. 3M en est un bon exemple.<\/p>\n<p>&nbsp;<\/p>\n<p>Selon les m\u00e9dias, l\u2019Europe et l\u2019euro ont connu une chute vertigineuse au cours des deux derni\u00e8res ann\u00e9es et ces derniers n\u2019entrevoyaient pas de possibilit\u00e9s de redressement. Bien que la situation ait \u00e9t\u00e9 effectivement s\u00e9rieuse, elle n\u2019a toutefois pas \u00e9t\u00e9 fatale. Les \u00e9conomies des pays europ\u00e9ens les plus grands et les plus solides (l\u2019Allemagne, la France et le Royaume-Uni) ont de nouveau connu une croissance \u00e9conomique positive. Bien qu\u2019elle soit timide, nous nous attendons \u00e0 ce que cette tendance de la croissance s\u2019am\u00e9liore. Entre-temps, certaines soci\u00e9t\u00e9s solides dans cette r\u00e9gion du monde ont g\u00e9n\u00e9r\u00e9 d\u2019excellents rendements \u00e0 leurs actionnaires tout au long de cette p\u00e9riode de crise. Nestl\u00e9 est l\u2019une de nos soci\u00e9t\u00e9s favorites pour illustrer ceci.<\/p>\n<p>&nbsp;<\/p>\n<p>De retour au Canada, nos propres m\u00e9dias se sont concentr\u00e9s sur la situation de Blackberry et sa rapide d\u00e9t\u00e9rioration. Il y a trois ans, nous avions jet\u00e9 un coup d\u2019\u0153il \u00e0 ce titre et avions d\u00e9cid\u00e9 de \u00ab\u00a0laisser passer l\u2019occasion\u00a0\u00bb. Bien que l\u2019histoire de cette soci\u00e9t\u00e9 tristement mal g\u00e9r\u00e9e et mal gouvern\u00e9e soit int\u00e9ressante, ceci d\u00e9montre que peu d\u2019attention est port\u00e9e \u00e0 nos nombreux gagnants.\u00a0 \u00c0 quand remonte le temps o\u00f9 vous avez\u00a0 lu une nouvelle positive d\u00e9frayant les manchettes sur Enbridge ou sur la Compagnie des chemins de fer nationaux du Canada? Ces soci\u00e9t\u00e9s exceptionnellement bien g\u00e9r\u00e9es continuent \u00e0 g\u00e9n\u00e9rer des rendements stables \u00e0 leurs actionnaires, mais ne sont pas tr\u00e8s int\u00e9ressantes pour nos m\u00e9dias.<\/p>\n<p>&nbsp;<\/p>\n<p>Bien que nous ne puissions ignorer l\u2019environnement macro\u00e9conomique dans lequel nous vivons et travaillons et l\u2019attention m\u00e9diatique que ces \u00e9v\u00e9nements attirent, notre travail est de voir au-del\u00e0 de ceux-ci. Nous continuerons d\u2019\u00eatre \u00e0 la recherche de placements pour nos clients qui g\u00e9n\u00e8rent des rendements stables et dont la volatilit\u00e9 est faible autant que possible.<\/p>\n<p>&nbsp;<\/p>\n","protected":false},"excerpt":{"rendered":"<p>Cinq ann\u00e9es se sont \u00e9coul\u00e9es depuis le d\u00e9but du gel du march\u00e9 du cr\u00e9dit provoquant \u00abl\u2019effondrement\u00bb des march\u00e9s financiers \u00e0 l\u2019\u00e9chelle mondiale suivi du d\u00e9clenchement de la \u00abGrande r\u00e9cession\u00bb. Depuis lors, les \u00e9conomies et les march\u00e9s boursiers \u00e0 l\u2019\u00e9chelle mondiale ont connu une reprise soutenue au soulagement des investisseurs de partout dans le monde. &nbsp; Au cours des cinq derni\u00e8res ann\u00e9es, l\u2019environnement macro\u00e9conomique et politique instable a d\u00e9fray\u00e9 les manchettes, mettant constamment l\u2019accent sur le court terme. En tant qu\u2019investisseurs professionnels, notre travail consiste \u00e0 voir au-del\u00e0 des \u00ab\u00a0gros titres\u00a0\u00bb et \u00e0 nous concentrer sur les occasions de placement \u00e0 long terme, ce qui n\u2019est pas toujours une t\u00e2che facile. &nbsp; Ces jours-ci, les m\u00e9dias mettent pr\u00e9sentement l\u2019accent sur la fermeture partielle des services de l\u2019administration am\u00e9ricaine pendant que le gouvernement continue de d\u00e9montrer son dysfonctionnement remarquable \u00e0 g\u00e9rer ses propres finances. Est-ce que ceci veut dire que nous devrions vendre toutes nos actions am\u00e9ricaines? Non. Est-ce que ceci veut dire que l\u2019\u00e9conomie am\u00e9ricaine, qui est la plus grande et la plus importante \u00e9conomie, est sur le point de retourner en r\u00e9cession? Nous ne le croyons pas. Ce que nous constatons est que l\u2019\u00e9conomie continue \u00e0 s\u2019am\u00e9liorer et que les [&hellip;]<\/p>\n","protected":false},"author":88889,"featured_media":0,"comment_status":"closed","ping_status":"open","sticky":false,"template":"","format":"standard","meta":{"footnotes":""},"categories":[4],"tags":[],"yoast_head":"<!-- This site is optimized with the Yoast SEO plugin v21.5 - https:\/\/yoast.com\/wordpress\/plugins\/seo\/ -->\n<title>Troisi\u00e8me trimestre 2013 - Gestion de placements Rempart<\/title>\n<meta name=\"robots\" content=\"index, follow, max-snippet:-1, max-image-preview:large, max-video-preview:-1\" \/>\n<link rel=\"canonical\" href=\"https:\/\/rempart.ca\/fr\/2013\/10\/troisieme-trimestre-2013\/\" \/>\n<meta property=\"og:locale\" content=\"fr_FR\" \/>\n<meta property=\"og:type\" content=\"article\" \/>\n<meta property=\"og:title\" content=\"Troisi\u00e8me trimestre 2013 - Gestion de placements Rempart\" \/>\n<meta property=\"og:description\" content=\"Cinq ann\u00e9es se sont \u00e9coul\u00e9es depuis le d\u00e9but du gel du march\u00e9 du cr\u00e9dit provoquant \u00abl\u2019effondrement\u00bb des march\u00e9s financiers \u00e0 l\u2019\u00e9chelle mondiale suivi du d\u00e9clenchement de la \u00abGrande r\u00e9cession\u00bb. Depuis lors, les \u00e9conomies et les march\u00e9s boursiers \u00e0 l\u2019\u00e9chelle mondiale ont connu une reprise soutenue au soulagement des investisseurs de partout dans le monde. &nbsp; Au cours des cinq derni\u00e8res ann\u00e9es, l\u2019environnement macro\u00e9conomique et politique instable a d\u00e9fray\u00e9 les manchettes, mettant constamment l\u2019accent sur le court terme. En tant qu\u2019investisseurs professionnels, notre travail consiste \u00e0 voir au-del\u00e0 des \u00ab\u00a0gros titres\u00a0\u00bb et \u00e0 nous concentrer sur les occasions de placement \u00e0 long terme, ce qui n\u2019est pas toujours une t\u00e2che facile. &nbsp; Ces jours-ci, les m\u00e9dias mettent pr\u00e9sentement l\u2019accent sur la fermeture partielle des services de l\u2019administration am\u00e9ricaine pendant que le gouvernement continue de d\u00e9montrer son dysfonctionnement remarquable \u00e0 g\u00e9rer ses propres finances. Est-ce que ceci veut dire que nous devrions vendre toutes nos actions am\u00e9ricaines? Non. Est-ce que ceci veut dire que l\u2019\u00e9conomie am\u00e9ricaine, qui est la plus grande et la plus importante \u00e9conomie, est sur le point de retourner en r\u00e9cession? Nous ne le croyons pas. Ce que nous constatons est que l\u2019\u00e9conomie continue \u00e0 s\u2019am\u00e9liorer et que les [&hellip;]\" \/>\n<meta property=\"og:url\" content=\"https:\/\/rempart.ca\/fr\/2013\/10\/troisieme-trimestre-2013\/\" \/>\n<meta property=\"og:site_name\" content=\"Gestion de placements Rempart\" \/>\n<meta property=\"article:published_time\" content=\"2013-10-25T15:23:31+00:00\" \/>\n<meta name=\"author\" content=\"Commentary@Rempart.ca\" \/>\n<meta name=\"twitter:card\" content=\"summary_large_image\" \/>\n<meta name=\"twitter:label1\" content=\"\u00c9crit par\" \/>\n\t<meta name=\"twitter:data1\" content=\"Commentary@Rempart.ca\" \/>\n\t<meta name=\"twitter:label2\" content=\"Dur\u00e9e de lecture estim\u00e9e\" \/>\n\t<meta name=\"twitter:data2\" content=\"3 minutes\" \/>\n<script type=\"application\/ld+json\" class=\"yoast-schema-graph\">{\"@context\":\"https:\/\/schema.org\",\"@graph\":[{\"@type\":\"Article\",\"@id\":\"https:\/\/rempart.ca\/fr\/2013\/10\/troisieme-trimestre-2013\/#article\",\"isPartOf\":{\"@id\":\"https:\/\/rempart.ca\/fr\/2013\/10\/troisieme-trimestre-2013\/\"},\"author\":{\"name\":\"Commentary@Rempart.ca\",\"@id\":\"https:\/\/rempart.ca\/fr\/#\/schema\/person\/cc421b20219590f724639ff45ade4006\"},\"headline\":\"Troisi\u00e8me trimestre 2013\",\"datePublished\":\"2013-10-25T15:23:31+00:00\",\"dateModified\":\"2013-10-25T15:23:31+00:00\",\"mainEntityOfPage\":{\"@id\":\"https:\/\/rempart.ca\/fr\/2013\/10\/troisieme-trimestre-2013\/\"},\"wordCount\":597,\"publisher\":{\"@id\":\"https:\/\/rempart.ca\/fr\/#organization\"},\"articleSection\":[\"Commentaires\"],\"inLanguage\":\"fr-FR\"},{\"@type\":\"WebPage\",\"@id\":\"https:\/\/rempart.ca\/fr\/2013\/10\/troisieme-trimestre-2013\/\",\"url\":\"https:\/\/rempart.ca\/fr\/2013\/10\/troisieme-trimestre-2013\/\",\"name\":\"Troisi\u00e8me trimestre 2013 - Gestion de placements Rempart\",\"isPartOf\":{\"@id\":\"https:\/\/rempart.ca\/fr\/#website\"},\"datePublished\":\"2013-10-25T15:23:31+00:00\",\"dateModified\":\"2013-10-25T15:23:31+00:00\",\"breadcrumb\":{\"@id\":\"https:\/\/rempart.ca\/fr\/2013\/10\/troisieme-trimestre-2013\/#breadcrumb\"},\"inLanguage\":\"fr-FR\",\"potentialAction\":[{\"@type\":\"ReadAction\",\"target\":[\"https:\/\/rempart.ca\/fr\/2013\/10\/troisieme-trimestre-2013\/\"]}]},{\"@type\":\"BreadcrumbList\",\"@id\":\"https:\/\/rempart.ca\/fr\/2013\/10\/troisieme-trimestre-2013\/#breadcrumb\",\"itemListElement\":[{\"@type\":\"ListItem\",\"position\":1,\"name\":\"Home\",\"item\":\"https:\/\/rempart.ca\/fr\/\"},{\"@type\":\"ListItem\",\"position\":2,\"name\":\"Troisi\u00e8me trimestre 2013\"}]},{\"@type\":\"WebSite\",\"@id\":\"https:\/\/rempart.ca\/fr\/#website\",\"url\":\"https:\/\/rempart.ca\/fr\/\",\"name\":\"Rempart\",\"description\":\"Asset Management\",\"publisher\":{\"@id\":\"https:\/\/rempart.ca\/fr\/#organization\"},\"potentialAction\":[{\"@type\":\"SearchAction\",\"target\":{\"@type\":\"EntryPoint\",\"urlTemplate\":\"https:\/\/rempart.ca\/fr\/?s={search_term_string}\"},\"query-input\":\"required name=search_term_string\"}],\"inLanguage\":\"fr-FR\"},{\"@type\":\"Organization\",\"@id\":\"https:\/\/rempart.ca\/fr\/#organization\",\"name\":\"Gestion de placements Rempart\",\"url\":\"https:\/\/rempart.ca\/fr\/\",\"logo\":{\"@type\":\"ImageObject\",\"inLanguage\":\"fr-FR\",\"@id\":\"https:\/\/rempart.ca\/fr\/#\/schema\/logo\/image\/\",\"url\":\"https:\/\/rempart.ca\/wp-content\/uploads\/2021\/01\/Rempart-Logo.jpg\",\"contentUrl\":\"https:\/\/rempart.ca\/wp-content\/uploads\/2021\/01\/Rempart-Logo.jpg\",\"width\":251,\"height\":200,\"caption\":\"Gestion de placements Rempart\"},\"image\":{\"@id\":\"https:\/\/rempart.ca\/fr\/#\/schema\/logo\/image\/\"}},{\"@type\":\"Person\",\"@id\":\"https:\/\/rempart.ca\/fr\/#\/schema\/person\/cc421b20219590f724639ff45ade4006\",\"name\":\"Commentary@Rempart.ca\",\"image\":{\"@type\":\"ImageObject\",\"inLanguage\":\"fr-FR\",\"@id\":\"https:\/\/rempart.ca\/fr\/#\/schema\/person\/image\/\",\"url\":\"https:\/\/secure.gravatar.com\/avatar\/8a2eb7593b6a42fb8639220d8a38368d?s=96&d=mm&r=g\",\"contentUrl\":\"https:\/\/secure.gravatar.com\/avatar\/8a2eb7593b6a42fb8639220d8a38368d?s=96&d=mm&r=g\",\"caption\":\"Commentary@Rempart.ca\"},\"url\":\"https:\/\/rempart.ca\/fr\/author\/commentaryrempart-ca\/\"}]}<\/script>\n<!-- \/ Yoast SEO plugin. -->","yoast_head_json":{"title":"Troisi\u00e8me trimestre 2013 - Gestion de placements Rempart","robots":{"index":"index","follow":"follow","max-snippet":"max-snippet:-1","max-image-preview":"max-image-preview:large","max-video-preview":"max-video-preview:-1"},"canonical":"https:\/\/rempart.ca\/fr\/2013\/10\/troisieme-trimestre-2013\/","og_locale":"fr_FR","og_type":"article","og_title":"Troisi\u00e8me trimestre 2013 - Gestion de placements Rempart","og_description":"Cinq ann\u00e9es se sont \u00e9coul\u00e9es depuis le d\u00e9but du gel du march\u00e9 du cr\u00e9dit provoquant \u00abl\u2019effondrement\u00bb des march\u00e9s financiers \u00e0 l\u2019\u00e9chelle mondiale suivi du d\u00e9clenchement de la \u00abGrande r\u00e9cession\u00bb. Depuis lors, les \u00e9conomies et les march\u00e9s boursiers \u00e0 l\u2019\u00e9chelle mondiale ont connu une reprise soutenue au soulagement des investisseurs de partout dans le monde. &nbsp; Au cours des cinq derni\u00e8res ann\u00e9es, l\u2019environnement macro\u00e9conomique et politique instable a d\u00e9fray\u00e9 les manchettes, mettant constamment l\u2019accent sur le court terme. En tant qu\u2019investisseurs professionnels, notre travail consiste \u00e0 voir au-del\u00e0 des \u00ab\u00a0gros titres\u00a0\u00bb et \u00e0 nous concentrer sur les occasions de placement \u00e0 long terme, ce qui n\u2019est pas toujours une t\u00e2che facile. &nbsp; Ces jours-ci, les m\u00e9dias mettent pr\u00e9sentement l\u2019accent sur la fermeture partielle des services de l\u2019administration am\u00e9ricaine pendant que le gouvernement continue de d\u00e9montrer son dysfonctionnement remarquable \u00e0 g\u00e9rer ses propres finances. Est-ce que ceci veut dire que nous devrions vendre toutes nos actions am\u00e9ricaines? Non. Est-ce que ceci veut dire que l\u2019\u00e9conomie am\u00e9ricaine, qui est la plus grande et la plus importante \u00e9conomie, est sur le point de retourner en r\u00e9cession? Nous ne le croyons pas. Ce que nous constatons est que l\u2019\u00e9conomie continue \u00e0 s\u2019am\u00e9liorer et que les [&hellip;]","og_url":"https:\/\/rempart.ca\/fr\/2013\/10\/troisieme-trimestre-2013\/","og_site_name":"Gestion de placements Rempart","article_published_time":"2013-10-25T15:23:31+00:00","author":"Commentary@Rempart.ca","twitter_card":"summary_large_image","twitter_misc":{"\u00c9crit par":"Commentary@Rempart.ca","Dur\u00e9e de lecture estim\u00e9e":"3 minutes"},"schema":{"@context":"https:\/\/schema.org","@graph":[{"@type":"Article","@id":"https:\/\/rempart.ca\/fr\/2013\/10\/troisieme-trimestre-2013\/#article","isPartOf":{"@id":"https:\/\/rempart.ca\/fr\/2013\/10\/troisieme-trimestre-2013\/"},"author":{"name":"Commentary@Rempart.ca","@id":"https:\/\/rempart.ca\/fr\/#\/schema\/person\/cc421b20219590f724639ff45ade4006"},"headline":"Troisi\u00e8me trimestre 2013","datePublished":"2013-10-25T15:23:31+00:00","dateModified":"2013-10-25T15:23:31+00:00","mainEntityOfPage":{"@id":"https:\/\/rempart.ca\/fr\/2013\/10\/troisieme-trimestre-2013\/"},"wordCount":597,"publisher":{"@id":"https:\/\/rempart.ca\/fr\/#organization"},"articleSection":["Commentaires"],"inLanguage":"fr-FR"},{"@type":"WebPage","@id":"https:\/\/rempart.ca\/fr\/2013\/10\/troisieme-trimestre-2013\/","url":"https:\/\/rempart.ca\/fr\/2013\/10\/troisieme-trimestre-2013\/","name":"Troisi\u00e8me trimestre 2013 - Gestion de placements Rempart","isPartOf":{"@id":"https:\/\/rempart.ca\/fr\/#website"},"datePublished":"2013-10-25T15:23:31+00:00","dateModified":"2013-10-25T15:23:31+00:00","breadcrumb":{"@id":"https:\/\/rempart.ca\/fr\/2013\/10\/troisieme-trimestre-2013\/#breadcrumb"},"inLanguage":"fr-FR","potentialAction":[{"@type":"ReadAction","target":["https:\/\/rempart.ca\/fr\/2013\/10\/troisieme-trimestre-2013\/"]}]},{"@type":"BreadcrumbList","@id":"https:\/\/rempart.ca\/fr\/2013\/10\/troisieme-trimestre-2013\/#breadcrumb","itemListElement":[{"@type":"ListItem","position":1,"name":"Home","item":"https:\/\/rempart.ca\/fr\/"},{"@type":"ListItem","position":2,"name":"Troisi\u00e8me trimestre 2013"}]},{"@type":"WebSite","@id":"https:\/\/rempart.ca\/fr\/#website","url":"https:\/\/rempart.ca\/fr\/","name":"Rempart","description":"Asset Management","publisher":{"@id":"https:\/\/rempart.ca\/fr\/#organization"},"potentialAction":[{"@type":"SearchAction","target":{"@type":"EntryPoint","urlTemplate":"https:\/\/rempart.ca\/fr\/?s={search_term_string}"},"query-input":"required name=search_term_string"}],"inLanguage":"fr-FR"},{"@type":"Organization","@id":"https:\/\/rempart.ca\/fr\/#organization","name":"Gestion de placements Rempart","url":"https:\/\/rempart.ca\/fr\/","logo":{"@type":"ImageObject","inLanguage":"fr-FR","@id":"https:\/\/rempart.ca\/fr\/#\/schema\/logo\/image\/","url":"https:\/\/rempart.ca\/wp-content\/uploads\/2021\/01\/Rempart-Logo.jpg","contentUrl":"https:\/\/rempart.ca\/wp-content\/uploads\/2021\/01\/Rempart-Logo.jpg","width":251,"height":200,"caption":"Gestion de placements Rempart"},"image":{"@id":"https:\/\/rempart.ca\/fr\/#\/schema\/logo\/image\/"}},{"@type":"Person","@id":"https:\/\/rempart.ca\/fr\/#\/schema\/person\/cc421b20219590f724639ff45ade4006","name":"Commentary@Rempart.ca","image":{"@type":"ImageObject","inLanguage":"fr-FR","@id":"https:\/\/rempart.ca\/fr\/#\/schema\/person\/image\/","url":"https:\/\/secure.gravatar.com\/avatar\/8a2eb7593b6a42fb8639220d8a38368d?s=96&d=mm&r=g","contentUrl":"https:\/\/secure.gravatar.com\/avatar\/8a2eb7593b6a42fb8639220d8a38368d?s=96&d=mm&r=g","caption":"Commentary@Rempart.ca"},"url":"https:\/\/rempart.ca\/fr\/author\/commentaryrempart-ca\/"}]}},"_links":{"self":[{"href":"https:\/\/rempart.ca\/fr\/wp-json\/wp\/v2\/posts\/511"}],"collection":[{"href":"https:\/\/rempart.ca\/fr\/wp-json\/wp\/v2\/posts"}],"about":[{"href":"https:\/\/rempart.ca\/fr\/wp-json\/wp\/v2\/types\/post"}],"author":[{"embeddable":true,"href":"https:\/\/rempart.ca\/fr\/wp-json\/wp\/v2\/users\/88889"}],"replies":[{"embeddable":true,"href":"https:\/\/rempart.ca\/fr\/wp-json\/wp\/v2\/comments?post=511"}],"version-history":[{"count":2,"href":"https:\/\/rempart.ca\/fr\/wp-json\/wp\/v2\/posts\/511\/revisions"}],"predecessor-version":[{"id":514,"href":"https:\/\/rempart.ca\/fr\/wp-json\/wp\/v2\/posts\/511\/revisions\/514"}],"wp:attachment":[{"href":"https:\/\/rempart.ca\/fr\/wp-json\/wp\/v2\/media?parent=511"}],"wp:term":[{"taxonomy":"category","embeddable":true,"href":"https:\/\/rempart.ca\/fr\/wp-json\/wp\/v2\/categories?post=511"},{"taxonomy":"post_tag","embeddable":true,"href":"https:\/\/rempart.ca\/fr\/wp-json\/wp\/v2\/tags?post=511"}],"curies":[{"name":"wp","href":"https:\/\/api.w.org\/{rel}","templated":true}]}}