{"id":630,"date":"2015-07-23T15:45:30","date_gmt":"2015-07-23T15:45:30","guid":{"rendered":"http:\/\/rempart.ca\/?p=630"},"modified":"2015-07-23T15:46:05","modified_gmt":"2015-07-23T15:46:05","slug":"deuxieme-trimestre","status":"publish","type":"post","link":"https:\/\/rempart.ca\/fr\/2015\/07\/deuxieme-trimestre\/","title":{"rendered":"Deuxi\u00e8me trimestre 2015"},"content":{"rendered":"<p>De temps \u00e0 autre, on nous demande si notre analyse financi\u00e8re est fond\u00e9e sur une approche descendante (analyse macro\u00e9conomique) ou sur une approche ascendante (analyse ax\u00e9e sur les soci\u00e9t\u00e9s). Nous r\u00e9pondons en disant que nous priorisons l\u2019approche ascendante. Nous croyons que nous sommes mieux form\u00e9s et plus en mesure d\u2019analyser les soci\u00e9t\u00e9s ouvertes en vue de les inclure aux portefeuilles de nos clients.<\/p>\n<p>Cela dit, il serait na\u00eff pour nous de ne pas tenir compte de l\u2019environnement macro\u00e9conomique dans lequel nous exploitons. Nous n\u2019avons qu\u2019\u00e0 nous souvenir de la crise financi\u00e8re mondiale de 2008-2009 pour nous rendre compte \u00e0 quel point ces types de probl\u00e8mes ont une incidence sur la croissance \u00e9conomique mondiale.<\/p>\n<p>Depuis quelque temps, plusieurs facteurs macro\u00e9conomiques ont caus\u00e9 de l\u2019instabilit\u00e9 sur les march\u00e9s boursiers mondiaux, notamment le ralentissement bien connu et peut-\u00eatre in\u00e9vitable de la croissance \u00e9conomique en Chine qui a des effets n\u00e9gatifs sur les \u00e9conomies ax\u00e9es sur les produits de base \u00e0 l\u2019\u00e9chelle mondiale. La bellig\u00e9rance de la Russie dans ses interactions avec l\u2019Ukraine a \u00e9galement cr\u00e9\u00e9 de l\u2019incertitude, tandis que l\u2019\u00e9conomie am\u00e9ricaine et sa monnaie qui ne cessent de se renforcer ont laiss\u00e9 les autres \u00e9conomies d\u00e9velopp\u00e9es tra\u00eener derri\u00e8re elle. En r\u00e8gle g\u00e9n\u00e9rale, les march\u00e9s boursiers favorisent la stabilit\u00e9 et d\u00e9testent l\u2019incertitude. Au cours des derniers mois, ces incertitudes macro\u00e9conomiques et politiques ont contribu\u00e9 au rendement stable des march\u00e9s boursiers.<\/p>\n<p>La plus r\u00e9cente source d\u2019incertitude \u00e0 l\u2019\u00e9chelle mondiale qui retient l\u2019attention des m\u00e9dias internationaux est la Gr\u00e8ce, plus particuli\u00e8rement le d\u00e9faut de paiement de la Gr\u00e8ce et les cons\u00e9quences sur sa propre \u00e9conomie d\u00e9t\u00e9rior\u00e9e et sur celle de l\u2019Union europ\u00e9enne dans son ensemble. La Gr\u00e8ce s\u2019est jointe \u00e0 l\u2019Union europ\u00e9enne en 1980, mais a seulement adopt\u00e9 l\u2019euro en 2001, probablement par des man\u0153uvres frauduleuses.<\/p>\n<p>La Gr\u00e8ce a \u00e9t\u00e9 incapable de rembourser son pr\u00eat substantiel au Fonds mon\u00e9taire international (FMI). Le r\u00e9f\u00e9rendum qui a suivi a r\u00e9v\u00e9l\u00e9 que 61 % des \u00e9lecteurs grecs ont rejet\u00e9 le programme d\u2019aust\u00e9rit\u00e9 propos\u00e9 par l\u2019Union europ\u00e9enne. Pourquoi la situation de la Gr\u00e8ce devrait-elle nous pr\u00e9occuper? La Gr\u00e8ce compte seulement pour 2 % du PIB de l\u2019Europe. La Gr\u00e8ce importe en raison du pr\u00e9c\u00e9dent qu\u2019elle cr\u00e9e pour plusieurs des plus grands et des plus importants membres de l\u2019UE. Si l\u2019aust\u00e9rit\u00e9 ne peut \u00eatre impos\u00e9e aux Grecs, comment alors peut-elle \u00eatre l\u00e9gitime pour l\u2019Italie et l\u2019Espagne? En outre, une importante partie de la dette de la Gr\u00e8ce est d\u00e9tenue par d\u2019autres pays europ\u00e9ens et par la Banque centrale europ\u00e9enne qui ne sont pas favorables \u00e0 une r\u00e9duction ou \u00e0 une annulation de la dette.<\/p>\n<p>La situation en Gr\u00e8ce peut aller dans un sens ou dans l\u2019autre. Le premier sc\u00e9nario pour la Gr\u00e8ce serait de quitter l\u2019Union mon\u00e9taire de la zone euro, de r\u00e9tablir sa propre monnaie et de faire souffrir ses gens d\u2019un autre effondrement de son \u00e9conomie et de son syst\u00e8me bancaire. Le deuxi\u00e8me sc\u00e9nario consisterait \u00e0 ce qu\u2019elle ren\u00e9gocie une aide financi\u00e8re avec ses confr\u00e8res europ\u00e9ens.<\/p>\n<p>Nous ne savons pas lequel de ces deux sc\u00e9narios tr\u00e8s diff\u00e9rents elle d\u00e9cidera d\u2019adopter, mais selon nous, lorsqu\u2019un de ces sc\u00e9narios se concr\u00e9tisera, il n\u2019y aura plus d\u2019incertitude au sein des march\u00e9s boursiers. En revanche, ceci pourrait s\u2019av\u00e9rer positif pour les investisseurs en actions, qui, comme nous l\u2019avons mentionn\u00e9 auparavant, recherchent la stabilit\u00e9.<\/p>\n<p>Ces facteurs macro\u00e9conomiques qui perturberont vraisemblablement les march\u00e9s boursiers peuvent \u00e9galement cr\u00e9er des occasions. Durant ces p\u00e9riodes, le cours des actions de plusieurs soci\u00e9t\u00e9s de qualit\u00e9 a tendance \u00e0 \u00eatre n\u00e9gativement touch\u00e9, ce qui suscite des occasions d\u2019achat. Ces p\u00e9riodes nous permettent justement de faire appel \u00e0 notre approche ascendante et trouver des placements solides pour nos clients.<\/p>\n","protected":false},"excerpt":{"rendered":"<p>De temps \u00e0 autre, on nous demande si notre analyse financi\u00e8re est fond\u00e9e sur une approche descendante (analyse macro\u00e9conomique) ou sur une approche ascendante (analyse ax\u00e9e sur les soci\u00e9t\u00e9s). Nous r\u00e9pondons en disant que nous priorisons l\u2019approche ascendante. Nous croyons que nous sommes mieux form\u00e9s et plus en mesure d\u2019analyser les soci\u00e9t\u00e9s ouvertes en vue de les inclure aux portefeuilles de nos clients. Cela dit, il serait na\u00eff pour nous de ne pas tenir compte de l\u2019environnement macro\u00e9conomique dans lequel nous exploitons. Nous n\u2019avons qu\u2019\u00e0 nous souvenir de la crise financi\u00e8re mondiale de 2008-2009 pour nous rendre compte \u00e0 quel point ces types de probl\u00e8mes ont une incidence sur la croissance \u00e9conomique mondiale. Depuis quelque temps, plusieurs facteurs macro\u00e9conomiques ont caus\u00e9 de l\u2019instabilit\u00e9 sur les march\u00e9s boursiers mondiaux, notamment le ralentissement bien connu et peut-\u00eatre in\u00e9vitable de la croissance \u00e9conomique en Chine qui a des effets n\u00e9gatifs sur les \u00e9conomies ax\u00e9es sur les produits de base \u00e0 l\u2019\u00e9chelle mondiale. La bellig\u00e9rance de la Russie dans ses interactions avec l\u2019Ukraine a \u00e9galement cr\u00e9\u00e9 de l\u2019incertitude, tandis que l\u2019\u00e9conomie am\u00e9ricaine et sa monnaie qui ne cessent de se renforcer ont laiss\u00e9 les autres \u00e9conomies d\u00e9velopp\u00e9es tra\u00eener derri\u00e8re elle. En r\u00e8gle g\u00e9n\u00e9rale, les [&hellip;]<\/p>\n","protected":false},"author":88889,"featured_media":0,"comment_status":"closed","ping_status":"closed","sticky":false,"template":"","format":"standard","meta":{"footnotes":""},"categories":[4],"tags":[],"yoast_head":"<!-- This site is optimized with the Yoast SEO plugin v21.5 - https:\/\/yoast.com\/wordpress\/plugins\/seo\/ -->\n<title>Deuxi\u00e8me trimestre 2015 - Gestion de placements Rempart<\/title>\n<meta name=\"robots\" content=\"index, follow, max-snippet:-1, max-image-preview:large, max-video-preview:-1\" \/>\n<link rel=\"canonical\" href=\"https:\/\/rempart.ca\/fr\/2015\/07\/deuxieme-trimestre\/\" \/>\n<meta property=\"og:locale\" content=\"fr_FR\" \/>\n<meta property=\"og:type\" content=\"article\" \/>\n<meta property=\"og:title\" content=\"Deuxi\u00e8me trimestre 2015 - Gestion de placements Rempart\" \/>\n<meta property=\"og:description\" content=\"De temps \u00e0 autre, on nous demande si notre analyse financi\u00e8re est fond\u00e9e sur une approche descendante (analyse macro\u00e9conomique) ou sur une approche ascendante (analyse ax\u00e9e sur les soci\u00e9t\u00e9s). Nous r\u00e9pondons en disant que nous priorisons l\u2019approche ascendante. Nous croyons que nous sommes mieux form\u00e9s et plus en mesure d\u2019analyser les soci\u00e9t\u00e9s ouvertes en vue de les inclure aux portefeuilles de nos clients. Cela dit, il serait na\u00eff pour nous de ne pas tenir compte de l\u2019environnement macro\u00e9conomique dans lequel nous exploitons. Nous n\u2019avons qu\u2019\u00e0 nous souvenir de la crise financi\u00e8re mondiale de 2008-2009 pour nous rendre compte \u00e0 quel point ces types de probl\u00e8mes ont une incidence sur la croissance \u00e9conomique mondiale. Depuis quelque temps, plusieurs facteurs macro\u00e9conomiques ont caus\u00e9 de l\u2019instabilit\u00e9 sur les march\u00e9s boursiers mondiaux, notamment le ralentissement bien connu et peut-\u00eatre in\u00e9vitable de la croissance \u00e9conomique en Chine qui a des effets n\u00e9gatifs sur les \u00e9conomies ax\u00e9es sur les produits de base \u00e0 l\u2019\u00e9chelle mondiale. La bellig\u00e9rance de la Russie dans ses interactions avec l\u2019Ukraine a \u00e9galement cr\u00e9\u00e9 de l\u2019incertitude, tandis que l\u2019\u00e9conomie am\u00e9ricaine et sa monnaie qui ne cessent de se renforcer ont laiss\u00e9 les autres \u00e9conomies d\u00e9velopp\u00e9es tra\u00eener derri\u00e8re elle. En r\u00e8gle g\u00e9n\u00e9rale, les [&hellip;]\" \/>\n<meta property=\"og:url\" content=\"https:\/\/rempart.ca\/fr\/2015\/07\/deuxieme-trimestre\/\" \/>\n<meta property=\"og:site_name\" content=\"Gestion de placements Rempart\" \/>\n<meta property=\"article:published_time\" content=\"2015-07-23T15:45:30+00:00\" \/>\n<meta property=\"article:modified_time\" content=\"2015-07-23T15:46:05+00:00\" \/>\n<meta name=\"author\" content=\"Commentary@Rempart.ca\" \/>\n<meta name=\"twitter:card\" content=\"summary_large_image\" \/>\n<meta name=\"twitter:label1\" content=\"\u00c9crit par\" \/>\n\t<meta name=\"twitter:data1\" content=\"Commentary@Rempart.ca\" \/>\n\t<meta name=\"twitter:label2\" content=\"Dur\u00e9e de lecture estim\u00e9e\" \/>\n\t<meta name=\"twitter:data2\" content=\"4 minutes\" \/>\n<script type=\"application\/ld+json\" class=\"yoast-schema-graph\">{\"@context\":\"https:\/\/schema.org\",\"@graph\":[{\"@type\":\"Article\",\"@id\":\"https:\/\/rempart.ca\/fr\/2015\/07\/deuxieme-trimestre\/#article\",\"isPartOf\":{\"@id\":\"https:\/\/rempart.ca\/fr\/2015\/07\/deuxieme-trimestre\/\"},\"author\":{\"name\":\"Commentary@Rempart.ca\",\"@id\":\"https:\/\/rempart.ca\/fr\/#\/schema\/person\/cc421b20219590f724639ff45ade4006\"},\"headline\":\"Deuxi\u00e8me trimestre 2015\",\"datePublished\":\"2015-07-23T15:45:30+00:00\",\"dateModified\":\"2015-07-23T15:46:05+00:00\",\"mainEntityOfPage\":{\"@id\":\"https:\/\/rempart.ca\/fr\/2015\/07\/deuxieme-trimestre\/\"},\"wordCount\":721,\"publisher\":{\"@id\":\"https:\/\/rempart.ca\/fr\/#organization\"},\"articleSection\":[\"Commentaires\"],\"inLanguage\":\"fr-FR\"},{\"@type\":\"WebPage\",\"@id\":\"https:\/\/rempart.ca\/fr\/2015\/07\/deuxieme-trimestre\/\",\"url\":\"https:\/\/rempart.ca\/fr\/2015\/07\/deuxieme-trimestre\/\",\"name\":\"Deuxi\u00e8me trimestre 2015 - Gestion de placements Rempart\",\"isPartOf\":{\"@id\":\"https:\/\/rempart.ca\/fr\/#website\"},\"datePublished\":\"2015-07-23T15:45:30+00:00\",\"dateModified\":\"2015-07-23T15:46:05+00:00\",\"breadcrumb\":{\"@id\":\"https:\/\/rempart.ca\/fr\/2015\/07\/deuxieme-trimestre\/#breadcrumb\"},\"inLanguage\":\"fr-FR\",\"potentialAction\":[{\"@type\":\"ReadAction\",\"target\":[\"https:\/\/rempart.ca\/fr\/2015\/07\/deuxieme-trimestre\/\"]}]},{\"@type\":\"BreadcrumbList\",\"@id\":\"https:\/\/rempart.ca\/fr\/2015\/07\/deuxieme-trimestre\/#breadcrumb\",\"itemListElement\":[{\"@type\":\"ListItem\",\"position\":1,\"name\":\"Home\",\"item\":\"https:\/\/rempart.ca\/fr\/\"},{\"@type\":\"ListItem\",\"position\":2,\"name\":\"Deuxi\u00e8me trimestre 2015\"}]},{\"@type\":\"WebSite\",\"@id\":\"https:\/\/rempart.ca\/fr\/#website\",\"url\":\"https:\/\/rempart.ca\/fr\/\",\"name\":\"Rempart\",\"description\":\"Asset Management\",\"publisher\":{\"@id\":\"https:\/\/rempart.ca\/fr\/#organization\"},\"potentialAction\":[{\"@type\":\"SearchAction\",\"target\":{\"@type\":\"EntryPoint\",\"urlTemplate\":\"https:\/\/rempart.ca\/fr\/?s={search_term_string}\"},\"query-input\":\"required name=search_term_string\"}],\"inLanguage\":\"fr-FR\"},{\"@type\":\"Organization\",\"@id\":\"https:\/\/rempart.ca\/fr\/#organization\",\"name\":\"Gestion de placements Rempart\",\"url\":\"https:\/\/rempart.ca\/fr\/\",\"logo\":{\"@type\":\"ImageObject\",\"inLanguage\":\"fr-FR\",\"@id\":\"https:\/\/rempart.ca\/fr\/#\/schema\/logo\/image\/\",\"url\":\"https:\/\/rempart.ca\/wp-content\/uploads\/2021\/01\/Rempart-Logo.jpg\",\"contentUrl\":\"https:\/\/rempart.ca\/wp-content\/uploads\/2021\/01\/Rempart-Logo.jpg\",\"width\":251,\"height\":200,\"caption\":\"Gestion de placements Rempart\"},\"image\":{\"@id\":\"https:\/\/rempart.ca\/fr\/#\/schema\/logo\/image\/\"}},{\"@type\":\"Person\",\"@id\":\"https:\/\/rempart.ca\/fr\/#\/schema\/person\/cc421b20219590f724639ff45ade4006\",\"name\":\"Commentary@Rempart.ca\",\"image\":{\"@type\":\"ImageObject\",\"inLanguage\":\"fr-FR\",\"@id\":\"https:\/\/rempart.ca\/fr\/#\/schema\/person\/image\/\",\"url\":\"https:\/\/secure.gravatar.com\/avatar\/8a2eb7593b6a42fb8639220d8a38368d?s=96&d=mm&r=g\",\"contentUrl\":\"https:\/\/secure.gravatar.com\/avatar\/8a2eb7593b6a42fb8639220d8a38368d?s=96&d=mm&r=g\",\"caption\":\"Commentary@Rempart.ca\"},\"url\":\"https:\/\/rempart.ca\/fr\/author\/commentaryrempart-ca\/\"}]}<\/script>\n<!-- \/ Yoast SEO plugin. -->","yoast_head_json":{"title":"Deuxi\u00e8me trimestre 2015 - Gestion de placements Rempart","robots":{"index":"index","follow":"follow","max-snippet":"max-snippet:-1","max-image-preview":"max-image-preview:large","max-video-preview":"max-video-preview:-1"},"canonical":"https:\/\/rempart.ca\/fr\/2015\/07\/deuxieme-trimestre\/","og_locale":"fr_FR","og_type":"article","og_title":"Deuxi\u00e8me trimestre 2015 - Gestion de placements Rempart","og_description":"De temps \u00e0 autre, on nous demande si notre analyse financi\u00e8re est fond\u00e9e sur une approche descendante (analyse macro\u00e9conomique) ou sur une approche ascendante (analyse ax\u00e9e sur les soci\u00e9t\u00e9s). Nous r\u00e9pondons en disant que nous priorisons l\u2019approche ascendante. Nous croyons que nous sommes mieux form\u00e9s et plus en mesure d\u2019analyser les soci\u00e9t\u00e9s ouvertes en vue de les inclure aux portefeuilles de nos clients. Cela dit, il serait na\u00eff pour nous de ne pas tenir compte de l\u2019environnement macro\u00e9conomique dans lequel nous exploitons. Nous n\u2019avons qu\u2019\u00e0 nous souvenir de la crise financi\u00e8re mondiale de 2008-2009 pour nous rendre compte \u00e0 quel point ces types de probl\u00e8mes ont une incidence sur la croissance \u00e9conomique mondiale. Depuis quelque temps, plusieurs facteurs macro\u00e9conomiques ont caus\u00e9 de l\u2019instabilit\u00e9 sur les march\u00e9s boursiers mondiaux, notamment le ralentissement bien connu et peut-\u00eatre in\u00e9vitable de la croissance \u00e9conomique en Chine qui a des effets n\u00e9gatifs sur les \u00e9conomies ax\u00e9es sur les produits de base \u00e0 l\u2019\u00e9chelle mondiale. La bellig\u00e9rance de la Russie dans ses interactions avec l\u2019Ukraine a \u00e9galement cr\u00e9\u00e9 de l\u2019incertitude, tandis que l\u2019\u00e9conomie am\u00e9ricaine et sa monnaie qui ne cessent de se renforcer ont laiss\u00e9 les autres \u00e9conomies d\u00e9velopp\u00e9es tra\u00eener derri\u00e8re elle. En r\u00e8gle g\u00e9n\u00e9rale, les [&hellip;]","og_url":"https:\/\/rempart.ca\/fr\/2015\/07\/deuxieme-trimestre\/","og_site_name":"Gestion de placements Rempart","article_published_time":"2015-07-23T15:45:30+00:00","article_modified_time":"2015-07-23T15:46:05+00:00","author":"Commentary@Rempart.ca","twitter_card":"summary_large_image","twitter_misc":{"\u00c9crit par":"Commentary@Rempart.ca","Dur\u00e9e de lecture estim\u00e9e":"4 minutes"},"schema":{"@context":"https:\/\/schema.org","@graph":[{"@type":"Article","@id":"https:\/\/rempart.ca\/fr\/2015\/07\/deuxieme-trimestre\/#article","isPartOf":{"@id":"https:\/\/rempart.ca\/fr\/2015\/07\/deuxieme-trimestre\/"},"author":{"name":"Commentary@Rempart.ca","@id":"https:\/\/rempart.ca\/fr\/#\/schema\/person\/cc421b20219590f724639ff45ade4006"},"headline":"Deuxi\u00e8me trimestre 2015","datePublished":"2015-07-23T15:45:30+00:00","dateModified":"2015-07-23T15:46:05+00:00","mainEntityOfPage":{"@id":"https:\/\/rempart.ca\/fr\/2015\/07\/deuxieme-trimestre\/"},"wordCount":721,"publisher":{"@id":"https:\/\/rempart.ca\/fr\/#organization"},"articleSection":["Commentaires"],"inLanguage":"fr-FR"},{"@type":"WebPage","@id":"https:\/\/rempart.ca\/fr\/2015\/07\/deuxieme-trimestre\/","url":"https:\/\/rempart.ca\/fr\/2015\/07\/deuxieme-trimestre\/","name":"Deuxi\u00e8me trimestre 2015 - Gestion de placements Rempart","isPartOf":{"@id":"https:\/\/rempart.ca\/fr\/#website"},"datePublished":"2015-07-23T15:45:30+00:00","dateModified":"2015-07-23T15:46:05+00:00","breadcrumb":{"@id":"https:\/\/rempart.ca\/fr\/2015\/07\/deuxieme-trimestre\/#breadcrumb"},"inLanguage":"fr-FR","potentialAction":[{"@type":"ReadAction","target":["https:\/\/rempart.ca\/fr\/2015\/07\/deuxieme-trimestre\/"]}]},{"@type":"BreadcrumbList","@id":"https:\/\/rempart.ca\/fr\/2015\/07\/deuxieme-trimestre\/#breadcrumb","itemListElement":[{"@type":"ListItem","position":1,"name":"Home","item":"https:\/\/rempart.ca\/fr\/"},{"@type":"ListItem","position":2,"name":"Deuxi\u00e8me trimestre 2015"}]},{"@type":"WebSite","@id":"https:\/\/rempart.ca\/fr\/#website","url":"https:\/\/rempart.ca\/fr\/","name":"Rempart","description":"Asset Management","publisher":{"@id":"https:\/\/rempart.ca\/fr\/#organization"},"potentialAction":[{"@type":"SearchAction","target":{"@type":"EntryPoint","urlTemplate":"https:\/\/rempart.ca\/fr\/?s={search_term_string}"},"query-input":"required name=search_term_string"}],"inLanguage":"fr-FR"},{"@type":"Organization","@id":"https:\/\/rempart.ca\/fr\/#organization","name":"Gestion de placements Rempart","url":"https:\/\/rempart.ca\/fr\/","logo":{"@type":"ImageObject","inLanguage":"fr-FR","@id":"https:\/\/rempart.ca\/fr\/#\/schema\/logo\/image\/","url":"https:\/\/rempart.ca\/wp-content\/uploads\/2021\/01\/Rempart-Logo.jpg","contentUrl":"https:\/\/rempart.ca\/wp-content\/uploads\/2021\/01\/Rempart-Logo.jpg","width":251,"height":200,"caption":"Gestion de placements Rempart"},"image":{"@id":"https:\/\/rempart.ca\/fr\/#\/schema\/logo\/image\/"}},{"@type":"Person","@id":"https:\/\/rempart.ca\/fr\/#\/schema\/person\/cc421b20219590f724639ff45ade4006","name":"Commentary@Rempart.ca","image":{"@type":"ImageObject","inLanguage":"fr-FR","@id":"https:\/\/rempart.ca\/fr\/#\/schema\/person\/image\/","url":"https:\/\/secure.gravatar.com\/avatar\/8a2eb7593b6a42fb8639220d8a38368d?s=96&d=mm&r=g","contentUrl":"https:\/\/secure.gravatar.com\/avatar\/8a2eb7593b6a42fb8639220d8a38368d?s=96&d=mm&r=g","caption":"Commentary@Rempart.ca"},"url":"https:\/\/rempart.ca\/fr\/author\/commentaryrempart-ca\/"}]}},"_links":{"self":[{"href":"https:\/\/rempart.ca\/fr\/wp-json\/wp\/v2\/posts\/630"}],"collection":[{"href":"https:\/\/rempart.ca\/fr\/wp-json\/wp\/v2\/posts"}],"about":[{"href":"https:\/\/rempart.ca\/fr\/wp-json\/wp\/v2\/types\/post"}],"author":[{"embeddable":true,"href":"https:\/\/rempart.ca\/fr\/wp-json\/wp\/v2\/users\/88889"}],"replies":[{"embeddable":true,"href":"https:\/\/rempart.ca\/fr\/wp-json\/wp\/v2\/comments?post=630"}],"version-history":[{"count":2,"href":"https:\/\/rempart.ca\/fr\/wp-json\/wp\/v2\/posts\/630\/revisions"}],"predecessor-version":[{"id":632,"href":"https:\/\/rempart.ca\/fr\/wp-json\/wp\/v2\/posts\/630\/revisions\/632"}],"wp:attachment":[{"href":"https:\/\/rempart.ca\/fr\/wp-json\/wp\/v2\/media?parent=630"}],"wp:term":[{"taxonomy":"category","embeddable":true,"href":"https:\/\/rempart.ca\/fr\/wp-json\/wp\/v2\/categories?post=630"},{"taxonomy":"post_tag","embeddable":true,"href":"https:\/\/rempart.ca\/fr\/wp-json\/wp\/v2\/tags?post=630"}],"curies":[{"name":"wp","href":"https:\/\/api.w.org\/{rel}","templated":true}]}}